{"id":1,"date":"2019-09-01T16:44:01","date_gmt":"2019-09-01T14:44:01","guid":{"rendered":"http:\/\/ampaisaaio.cluster020.hosting.ovh.net\/?p=1"},"modified":"2019-09-21T16:15:41","modified_gmt":"2019-09-21T14:15:41","slug":"hola-mundo","status":"publish","type":"post","link":"http:\/\/www.ampaisaacalbenizcuenca.es\/?p=1","title":{"rendered":"P\u00e1gina Web AMPA CEIP Isaac Alb\u00e9niz (Cuenca)"},"content":{"rendered":"\n<p style=\"text-align:justify\">Estrenamos el curso 2019\/2020 con nueva p\u00e1gina web en la que tendr\u00e9is disponible informaci\u00f3n tanto del colegio como de las actividades que realice el AMPA para este nuevo curso.<\/p>\n","protected":false},"excerpt":{"rendered":"<p>Estrenamos el curso 2019\/2020 con nueva p\u00e1gina web en la que tendr\u00e9is disponible informaci\u00f3n tanto del colegio como de las&hellip;<\/p>\n","protected":false},"author":1,"featured_media":0,"comment_status":"closed","ping_status":"closed","sticky":false,"template":"","format":"standard","meta":{"footnotes":""},"categories":[1],"tags":[],"class_list":["post-1","post","type-post","status-publish","format-standard","hentry","category-sin-categoria"],"_links":{"self":[{"href":"http:\/\/www.ampaisaacalbenizcuenca.es\/index.php?rest_route=\/wp\/v2\/posts\/1"}],"collection":[{"href":"http:\/\/www.ampaisaacalbenizcuenca.es\/index.php?rest_route=\/wp\/v2\/posts"}],"about":[{"href":"http:\/\/www.ampaisaacalbenizcuenca.es\/index.php?rest_route=\/wp\/v2\/types\/post"}],"author":[{"embeddable":true,"href":"http:\/\/www.ampaisaacalbenizcuenca.es\/index.php?rest_route=\/wp\/v2\/users\/1"}],"replies":[{"embeddable":true,"href":"http:\/\/www.ampaisaacalbenizcuenca.es\/index.php?rest_route=%2Fwp%2Fv2%2Fcomments&post=1"}],"version-history":[{"count":1,"href":"http:\/\/www.ampaisaacalbenizcuenca.es\/index.php?rest_route=\/wp\/v2\/posts\/1\/revisions"}],"predecessor-version":[{"id":96,"href":"http:\/\/www.ampaisaacalbenizcuenca.es\/index.php?rest_route=\/wp\/v2\/posts\/1\/revisions\/96"}],"wp:attachment":[{"href":"http:\/\/www.ampaisaacalbenizcuenca.es\/index.php?rest_route=%2Fwp%2Fv2%2Fmedia&parent=1"}],"wp:term":[{"taxonomy":"category","embeddable":true,"href":"http:\/\/www.ampaisaacalbenizcuenca.es\/index.php?rest_route=%2Fwp%2Fv2%2Fcategories&post=1"},{"taxonomy":"post_tag","embeddable":true,"href":"http:\/\/www.ampaisaacalbenizcuenca.es\/index.php?rest_route=%2Fwp%2Fv2%2Ftags&post=1"}],"curies":[{"name":"wp","href":"https:\/\/api.w.org\/{rel}","templated":true}]}}