{"id":313,"date":"2020-10-01T17:55:43","date_gmt":"2020-10-01T15:55:43","guid":{"rendered":"http:\/\/www.ampaisaacalbenizcuenca.es\/?p=313"},"modified":"2020-10-01T17:59:05","modified_gmt":"2020-10-01T15:59:05","slug":"gestion-de-casos-covid","status":"publish","type":"post","link":"http:\/\/www.ampaisaacalbenizcuenca.es\/?p=313","title":{"rendered":"Gesti\u00f3n de casos COVID"},"content":{"rendered":"\n<p>Buenas tardes, <\/p>\n\n\n\n<p>Queremos compartir con todas las familias las pautas de actuaci\u00f3n a seguir en los casos sospechosos o confirmados de infecci\u00f3n por SARS-Cov-2 en los centros educativos, seg\u00fan establece la Gu\u00eda de actuaci\u00f3n ante la aparici\u00f3n de los casos de Covid-19 del Ministerio de Sanidad en la \u00faltima versi\u00f3n del 10 de septiembre. (Se adjunta la Gu\u00eda)<\/p>\n\n\n\n<p>&nbsp;&nbsp;&nbsp;&nbsp;&nbsp;&nbsp;&nbsp;&nbsp;&nbsp;&nbsp;&nbsp;&nbsp;&nbsp;&nbsp;&nbsp; <strong>CASO SOSPECHOSO DURANTE LA JORNADA ESCOLAR<\/strong><\/p>\n\n\n\n<ul class=\"wp-block-list\"><li>Si el alumnado presenta s\u00edntomas, contactaremos con la familia para que acudan a recogerlo al centro educativo.<\/li><li>La familia deber\u00e1 contactar con el centro de salud lo antes posible y comunicar\u00e1n al centro educativo los resultados obtenidos, bien por tel\u00e9fono o a trav\u00e9s de Pap\u00e1s.<\/li><li>Los hermanos del caso sospechoso que se encuentren escolarizados, tambi\u00e9n permanecer\u00e1n aislados en el domicilio hasta disponer de los resultados de la prueba diagn\u00f3stica, por ser contactos familiares convivientes. <strong>CASO SOSPECHOSO FUERA DE LA JORNADA ESCOLAR<\/strong>. Si el alumnado sospechoso inicia sus s\u00edntomas fuera del centro educativo o lo es por considerarse contacto estrecho de otra persona confirmada de su entorno, la familia deber\u00e1 seguir las pautas sanitarias y lo comunicar\u00e1 de forma inmediata al centro educativo.&nbsp; &nbsp;&nbsp;&nbsp;&nbsp;&nbsp;&nbsp;&nbsp;&nbsp;&nbsp;&nbsp;&nbsp;&nbsp;&nbsp;&nbsp;&nbsp;&nbsp;&nbsp;&nbsp;&nbsp;&nbsp;&nbsp;&nbsp;&nbsp;&nbsp;&nbsp;&nbsp;&nbsp;&nbsp;&nbsp;&nbsp;&nbsp;&nbsp;&nbsp;&nbsp;&nbsp;&nbsp;&nbsp;&nbsp;&nbsp;&nbsp;&nbsp;&nbsp;&nbsp;&nbsp;&nbsp;&nbsp;&nbsp;&nbsp;&nbsp;&nbsp;&nbsp;&nbsp;&nbsp;&nbsp;&nbsp;&nbsp;         &nbsp;&nbsp;&nbsp;&nbsp;&nbsp;EL EQUIPO DIRECTIVO DEL COLEGIO  &nbsp;&nbsp;&nbsp;&nbsp;&nbsp;&nbsp;&nbsp;&nbsp;&nbsp;&nbsp;&nbsp;&nbsp;&nbsp;&nbsp;&nbsp;&nbsp;&nbsp;&nbsp;&nbsp;&nbsp;&nbsp;&nbsp;&nbsp;&nbsp;&nbsp;&nbsp;&nbsp;&nbsp;&nbsp;&nbsp;&nbsp;&nbsp;&nbsp;&nbsp;&nbsp;&nbsp;&nbsp;&nbsp;&nbsp;&nbsp;&nbsp;&nbsp;&nbsp;&nbsp;&nbsp;&nbsp;&nbsp;&nbsp;&nbsp;&nbsp;&nbsp;&nbsp;&nbsp;&nbsp;&nbsp;&nbsp;&nbsp;&nbsp;&nbsp;&nbsp;&nbsp;&nbsp;&nbsp;&nbsp;&nbsp;&nbsp;&nbsp;&nbsp;&nbsp;&nbsp;&nbsp; Muchas gracias por su colaboraci\u00f3n<\/li><\/ul>\n\n\n\n<figure class=\"wp-block-gallery columns-0 is-cropped wp-block-gallery-1 is-layout-flex wp-block-gallery-is-layout-flex\"><ul class=\"blocks-gallery-grid\"><\/ul><\/figure>\n\n\n\n<div class=\"wp-block-file\"><a href=\"http:\/\/www.ampaisaacalbenizcuenca.es\/wp-content\/uploads\/2020\/10\/10092020_Guia_actuacion_centros_educativos_ministerio_sanidad-1.pdf\">10092020_Guia_actuacion_centros_educativos_ministerio_sanidad-1<\/a><a href=\"http:\/\/www.ampaisaacalbenizcuenca.es\/wp-content\/uploads\/2020\/10\/10092020_Guia_actuacion_centros_educativos_ministerio_sanidad-1.pdf\" class=\"wp-block-file__button\" download>Descarga<\/a><\/div>\n\n\n\n<p><\/p>\n","protected":false},"excerpt":{"rendered":"<p>Buenas tardes, Queremos compartir con todas las familias las pautas de actuaci\u00f3n a seguir en los casos sospechosos o confirmados&hellip;<\/p>\n","protected":false},"author":1,"featured_media":317,"comment_status":"closed","ping_status":"closed","sticky":false,"template":"","format":"standard","meta":{"footnotes":""},"categories":[1],"tags":[],"class_list":["post-313","post","type-post","status-publish","format-standard","has-post-thumbnail","hentry","category-sin-categoria"],"_links":{"self":[{"href":"http:\/\/www.ampaisaacalbenizcuenca.es\/index.php?rest_route=\/wp\/v2\/posts\/313"}],"collection":[{"href":"http:\/\/www.ampaisaacalbenizcuenca.es\/index.php?rest_route=\/wp\/v2\/posts"}],"about":[{"href":"http:\/\/www.ampaisaacalbenizcuenca.es\/index.php?rest_route=\/wp\/v2\/types\/post"}],"author":[{"embeddable":true,"href":"http:\/\/www.ampaisaacalbenizcuenca.es\/index.php?rest_route=\/wp\/v2\/users\/1"}],"replies":[{"embeddable":true,"href":"http:\/\/www.ampaisaacalbenizcuenca.es\/index.php?rest_route=%2Fwp%2Fv2%2Fcomments&post=313"}],"version-history":[{"count":2,"href":"http:\/\/www.ampaisaacalbenizcuenca.es\/index.php?rest_route=\/wp\/v2\/posts\/313\/revisions"}],"predecessor-version":[{"id":318,"href":"http:\/\/www.ampaisaacalbenizcuenca.es\/index.php?rest_route=\/wp\/v2\/posts\/313\/revisions\/318"}],"wp:featuredmedia":[{"embeddable":true,"href":"http:\/\/www.ampaisaacalbenizcuenca.es\/index.php?rest_route=\/wp\/v2\/media\/317"}],"wp:attachment":[{"href":"http:\/\/www.ampaisaacalbenizcuenca.es\/index.php?rest_route=%2Fwp%2Fv2%2Fmedia&parent=313"}],"wp:term":[{"taxonomy":"category","embeddable":true,"href":"http:\/\/www.ampaisaacalbenizcuenca.es\/index.php?rest_route=%2Fwp%2Fv2%2Fcategories&post=313"},{"taxonomy":"post_tag","embeddable":true,"href":"http:\/\/www.ampaisaacalbenizcuenca.es\/index.php?rest_route=%2Fwp%2Fv2%2Ftags&post=313"}],"curies":[{"name":"wp","href":"https:\/\/api.w.org\/{rel}","templated":true}]}}