{"id":380,"date":"2021-09-07T17:22:34","date_gmt":"2021-09-07T15:22:34","guid":{"rendered":"http:\/\/www.ampaisaacalbenizcuenca.es\/?p=380"},"modified":"2021-09-07T17:38:52","modified_gmt":"2021-09-07T15:38:52","slug":"informacion-inicio-de-curso","status":"publish","type":"post","link":"http:\/\/www.ampaisaacalbenizcuenca.es\/?p=380","title":{"rendered":"Informaci\u00f3n inicio de curso"},"content":{"rendered":"\n<p class=\"has-text-align-left\">Estimadas familias, el pr\u00f3ximo d\u00eda 9 de septiembre dar\u00e1n comienzo las clases y es por lo que enviamos el Plan de Contingencia y un resumen del mismo para informar de las medidas que se llevar\u00e1n a cabo con respecto a la situaci\u00f3n de pandemia que seguimos viviendo. Las medidas son pr\u00e1cticamente iguales que el pasado curso.<\/p>\n\n\n\n<p>Recordamos el horario para este mes de septiembre:<\/p>\n\n\n\n<p>AULA MATINAL: De 7:30h a 9:00h<\/p>\n\n\n\n<p class=\"has-text-align-left\">CLASE: De 9:00 a 13:00h (los alumnos de 1\u00ba de Primaria comenzar\u00e1n s a las 9:15h <\/p>\n\n\n\n<p class=\"has-text-align-left\">solo el primer d\u00eda y podr\u00e1n ir acompa\u00f1ados de un familiar)<\/p>\n\n\n\n<p>COMEDOR: de 13:00 a 15:00<\/p>\n\n\n\n<p>Los alumnos de 3 a\u00f1os comenzar\u00e1n conforme est\u00e9 establecido en su per\u00edodo de adaptaci\u00f3n.<\/p>\n\n\n\n<p>P<a href=\"https:\/\/drive.google.com\/file\/d\/1OPtvVrUtX_1e80apO7VAjiC__yCh8trJ\/view?usp=sharing\" target=\"_blank\" rel=\"noreferrer noopener\">lan de Contingencia del curso 2021-2022<\/a><\/p>\n\n\n\n<p>Resumen plan de co<a href=\"https:\/\/drive.google.com\/file\/d\/1OPtvVrUtX_1e80apO7VAjiC__yCh8trJ\/view?usp=sharing\" target=\"_blank\" rel=\"noreferrer noopener\">ntingencia curso 2021-2022<\/a><\/p>\n","protected":false},"excerpt":{"rendered":"<p>Estimadas familias, el pr\u00f3ximo d\u00eda 9 de septiembre dar\u00e1n comienzo las clases y es por lo que enviamos el Plan&hellip;<\/p>\n","protected":false},"author":1,"featured_media":0,"comment_status":"closed","ping_status":"closed","sticky":false,"template":"","format":"standard","meta":{"footnotes":""},"categories":[1],"tags":[],"class_list":["post-380","post","type-post","status-publish","format-standard","hentry","category-sin-categoria"],"_links":{"self":[{"href":"http:\/\/www.ampaisaacalbenizcuenca.es\/index.php?rest_route=\/wp\/v2\/posts\/380"}],"collection":[{"href":"http:\/\/www.ampaisaacalbenizcuenca.es\/index.php?rest_route=\/wp\/v2\/posts"}],"about":[{"href":"http:\/\/www.ampaisaacalbenizcuenca.es\/index.php?rest_route=\/wp\/v2\/types\/post"}],"author":[{"embeddable":true,"href":"http:\/\/www.ampaisaacalbenizcuenca.es\/index.php?rest_route=\/wp\/v2\/users\/1"}],"replies":[{"embeddable":true,"href":"http:\/\/www.ampaisaacalbenizcuenca.es\/index.php?rest_route=%2Fwp%2Fv2%2Fcomments&post=380"}],"version-history":[{"count":3,"href":"http:\/\/www.ampaisaacalbenizcuenca.es\/index.php?rest_route=\/wp\/v2\/posts\/380\/revisions"}],"predecessor-version":[{"id":387,"href":"http:\/\/www.ampaisaacalbenizcuenca.es\/index.php?rest_route=\/wp\/v2\/posts\/380\/revisions\/387"}],"wp:attachment":[{"href":"http:\/\/www.ampaisaacalbenizcuenca.es\/index.php?rest_route=%2Fwp%2Fv2%2Fmedia&parent=380"}],"wp:term":[{"taxonomy":"category","embeddable":true,"href":"http:\/\/www.ampaisaacalbenizcuenca.es\/index.php?rest_route=%2Fwp%2Fv2%2Fcategories&post=380"},{"taxonomy":"post_tag","embeddable":true,"href":"http:\/\/www.ampaisaacalbenizcuenca.es\/index.php?rest_route=%2Fwp%2Fv2%2Ftags&post=380"}],"curies":[{"name":"wp","href":"https:\/\/api.w.org\/{rel}","templated":true}]}}