{"id":442,"date":"2022-01-31T17:23:04","date_gmt":"2022-01-31T16:23:04","guid":{"rendered":"http:\/\/www.ampaisaacalbenizcuenca.es\/?p=442"},"modified":"2023-09-18T19:32:24","modified_gmt":"2023-09-18T17:32:24","slug":"admision-alumnado-2022-23","status":"publish","type":"post","link":"http:\/\/www.ampaisaacalbenizcuenca.es\/?p=442","title":{"rendered":"ADMISI\u00d3N ALUMNADO 2022-23"},"content":{"rendered":"<div class=\"wp-block-image is-style-default\">\n<figure class=\"aligncenter size-full is-resized\"><img loading=\"lazy\" decoding=\"async\" src=\"http:\/\/www.ampaisaacalbenizcuenca.es\/wp-content\/uploads\/2022\/01\/admision.jpg\" alt=\"\" class=\"wp-image-445\" style=\"width:370px;height:246px\" width=\"370\" height=\"246\"\/><\/figure><\/div>\n\n\n<p>Os dejamos toda la informaci\u00f3n que nos ha facilitado nuestro colegio <a rel=\"noreferrer noopener\" href=\"https:\/\/www.educa.jccm.es\/es\/admision\/admision-2-ciclo-infantil-primaria\" data-type=\"URL\" data-id=\"https:\/\/www.educa.jccm.es\/es\/admision\/admision-2-ciclo-infantil-primaria\" target=\"_blank\">CEIP Isaac Alb\u00e9niz<\/a> en su p\u00e1gina web, donde podr\u00e9is encontrar m\u00e1s informaci\u00f3n , y descargar los documentos necesarios.<\/p>\n\n\n\n<p>La Consejer\u00eda de Educaci\u00f3n, Cultura y Deportes ha publicado la<a href=\"https:\/\/www.educa.jccm.es\/es\/normativa\/resolucion-26-01-2022-direccion-general-inclusion-educativa\">&nbsp;Resoluci\u00f3n de 26\/01\/2022, de la Direcci\u00f3n General de Inclusi\u00f3n Educativa y Programas<\/a>, por la que se publica la convocatoria de admisi\u00f3n de alumnado para el curso 2022\/2023 en centros docentes p\u00fablicos y privados concertados que imparten las ense\u00f1anzas del segundo ciclo de Educaci\u00f3n Infantil, Educaci\u00f3n Primaria, Educaci\u00f3n Secundaria Obligatoria <\/p>\n\n\n\n<p><strong><em>Fechas del proceso, curso 2022\/2023:<\/em><\/strong><\/p>\n\n\n\n<ul class=\"wp-block-list\">\n<li><strong>Del 7 al 25 de febrero:<\/strong>&nbsp;Plazo de presentaci\u00f3n de&nbsp;solicitudes.<\/li>\n\n\n\n<li><strong>22 de abril:<\/strong>&nbsp;Publicaci\u00f3n del Baremo provisional.<\/li>\n\n\n\n<li><strong>Del 23 de abril hasta el&nbsp;27 de abril&nbsp;<\/strong>(ambos incluidos)<strong>:&nbsp;<\/strong>Reclamaciones al Baremo provisional.<\/li>\n\n\n\n<li><strong>25 de abril:<\/strong>&nbsp;Sorteo p\u00fablico para resolver situaciones de empate.&nbsp;<\/li>\n\n\n\n<li><strong>Entre el 4 y 16 de mayo:<\/strong>&nbsp;Informaci\u00f3n a familias sobre escolarizaci\u00f3n provisional de alumnado de inclusi\u00f3n educativa.<\/li>\n\n\n\n<li><strong>25 de mayo:<\/strong>&nbsp;Publicaci\u00f3n del Baremo Definitivo y la Resoluci\u00f3n Provisional.<\/li>\n\n\n\n<li><strong>Del 26 de mayo al 30 de mayo<\/strong>&nbsp;(ambos incluidos): Reclamaciones a la Asignaci\u00f3n Provisional.<\/li>\n\n\n\n<li><strong>Desde el 26 de mayo al 10 de junio&nbsp;<\/strong>(ambos incluidos)<strong>:<\/strong>&nbsp;<strong>Renuncia<\/strong>&nbsp;a participar en el Proceso de Admisi\u00f3n de Alumnado.<\/li>\n\n\n\n<li><strong>29 de junio:<\/strong>&nbsp;Publicaci\u00f3n de la&nbsp;<strong>Resoluci\u00f3n Definitiva<\/strong>&nbsp;del Proceso de Admisi\u00f3n de Alumnado.<\/li>\n\n\n\n<li><strong>Del 30 de junio al 4 de julio:<\/strong>&nbsp;Plazo de solicitudes a vacantes resultantes (mejora de opci\u00f3n, agrupamiento de hermanos\/as, adjudicaci\u00f3n de oficio). S\u00f3lo participantes en el proceso de admisi\u00f3n.<\/li>\n\n\n\n<li><strong>1 de junio:<\/strong>&nbsp;Comienzo del&nbsp;<strong>Plazo Extraordinario<\/strong>&nbsp;de solicitudes.<\/li>\n\n\n\n<li><strong>Del 30 de junio al 6 de julio:<\/strong>&nbsp;Plazo de matriculaci\u00f3n de alumnado de E. Infantil y Primaria.<\/li>\n\n\n\n<li><strong>Del 30 de junio al 8 de julio:<\/strong>&nbsp;Plazo de matriculaci\u00f3n de alumnado de ESO.<\/li>\n\n\n\n<li><strong>21 de Julio:<\/strong>&nbsp;Adjudicaci\u00f3n de vacantes resultantes.&nbsp;<strong>Matriculaci\u00f3n 1 y 2 de septiembre.<\/strong><\/li>\n\n\n\n<li><strong>7 de septiembre:&nbsp;<\/strong>1\u00aaAdjudicaci\u00f3n de solicitudes de plazo extraordinario presentadas desde del 1 de junio a 31 de agosto.<\/li>\n\n\n\n<li><strong>Despu\u00e9s del 7 de septiembre<\/strong>. Asignaci\u00f3n de vacantes para solicitudes extraordinarias presentadas a partir del 1 de septiembre. Todos los niveles.<\/li>\n<\/ul>\n\n\n\n<p><strong>NOVEDADES<\/strong><\/p>\n\n\n\n<p>Este nuevo proceso de admisi\u00f3n de alumnos y alumnas se adapta a la Ley Org\u00e1nica 3\/2020, de 29 de diciembre, por la que se modifica la Ley Org\u00e1nica 2\/2006, de 3 de mayo, de Educaci\u00f3n.<\/p>\n\n\n\n<ul class=\"wp-block-list\">\n<li><strong>Se a\u00f1aden tres nuevos criterios de baremaci\u00f3n;<\/strong>&nbsp;familia monoparental, alumnado nacido de parto m\u00faltiple y condici\u00f3n de v\u00edctima de violencia de g\u00e9nero o de terrorismo.<\/li>\n\n\n\n<li><strong>Se contin\u00faa contemplando la delimitaci\u00f3n de \u00e1reas de influencia<\/strong>&nbsp;en determinadas localidades de cierto volumen poblacional y n\u00famero de centros educativos, es decir, la proximidad del domicilio familiar o del lugar de trabajo de alguno de los padres, madres o tutores legales. Esta delimitaci\u00f3n se ha realizado previa consulta a los sectores afectados y al Consejo Escolar de la Localidad, en su caso. Estas \u00e1reas de influencia han sido determinadas de manera que sean lo suficientemente amplias a los efectos de facilitar la elecci\u00f3n de centro por parte de las familias. <strong>La consulta de las mismas se dar\u00e1 a conocer a trav\u00e9s de las Resoluciones de las Delegaciones Provinciales que se publicar\u00e1n en este mismo espacio.<\/strong><\/li>\n<\/ul>\n\n\n\n<p><strong>INFORMACI\u00d3N MUY IMPORTANTE:<\/strong>&nbsp;Todos los listados de publicaci\u00f3n se realizar\u00e1n con el N\u00daMERO DE REGISTRO DE LAS SOLICITUDES, sustituyendo al nombre y apellidos del alumno\/a.<\/p>\n\n\n\n<p><strong>PREGUNTAS FRECUENTES<\/strong><\/p>\n\n\n\n<p><a href=\"http:\/\/fantil-primaria-bac\" data-type=\"URL\" data-id=\"fantil-primaria-bac\">https:\/\/www.educa.jccm.es\/es\/admision\/admision-2-ciclo-infantil-primaria\/preguntas-frecuentes-admision-2-ciclo-infantil-primaria-bac<\/a><\/p>\n\n\n\n<p><strong>CALENDARIO<\/strong><\/p>\n\n\n\n<p><a href=\"https:\/\/www.educa.jccm.es\/es\/admision\/admision-2-ciclo-infantil-primaria\/calendario-proceso-admision-alumnado-curso-2022-2023-segund\" data-type=\"URL\" data-id=\"https:\/\/www.educa.jccm.es\/es\/admision\/admision-2-ciclo-infantil-primaria\/calendario-proceso-admision-alumnado-curso-2022-2023-segund\">https:\/\/www.educa.jccm.es\/es\/admision\/admision-2-ciclo-infantil-primaria\/calendario-proceso-admision-alumnado-curso-2022-2023-segund<\/a><\/p>\n\n\n\n<p><strong>Cualquier duda se la resolveremos en el tel\u00e9fono Y EN LA DIRECCI\u00d3N DE CORREO:<\/strong><\/p>\n\n\n\n<p><strong><a href=\"mailto:secretaria.albeniz16@gmail.com\">secretaria.albeniz16@gmail.com<\/a><\/strong><\/p>\n\n\n\n<p><strong>969172988<\/strong><\/p>\n","protected":false},"excerpt":{"rendered":"<p>Os dejamos toda la informaci\u00f3n que nos ha facilitado nuestro colegio CEIP Isaac Alb\u00e9niz en su p\u00e1gina web, donde podr\u00e9is&hellip;<\/p>\n","protected":false},"author":1,"featured_media":0,"comment_status":"closed","ping_status":"closed","sticky":false,"template":"","format":"standard","meta":{"footnotes":""},"categories":[1],"tags":[],"class_list":["post-442","post","type-post","status-publish","format-standard","hentry","category-sin-categoria"],"_links":{"self":[{"href":"http:\/\/www.ampaisaacalbenizcuenca.es\/index.php?rest_route=\/wp\/v2\/posts\/442"}],"collection":[{"href":"http:\/\/www.ampaisaacalbenizcuenca.es\/index.php?rest_route=\/wp\/v2\/posts"}],"about":[{"href":"http:\/\/www.ampaisaacalbenizcuenca.es\/index.php?rest_route=\/wp\/v2\/types\/post"}],"author":[{"embeddable":true,"href":"http:\/\/www.ampaisaacalbenizcuenca.es\/index.php?rest_route=\/wp\/v2\/users\/1"}],"replies":[{"embeddable":true,"href":"http:\/\/www.ampaisaacalbenizcuenca.es\/index.php?rest_route=%2Fwp%2Fv2%2Fcomments&post=442"}],"version-history":[{"count":4,"href":"http:\/\/www.ampaisaacalbenizcuenca.es\/index.php?rest_route=\/wp\/v2\/posts\/442\/revisions"}],"predecessor-version":[{"id":488,"href":"http:\/\/www.ampaisaacalbenizcuenca.es\/index.php?rest_route=\/wp\/v2\/posts\/442\/revisions\/488"}],"wp:attachment":[{"href":"http:\/\/www.ampaisaacalbenizcuenca.es\/index.php?rest_route=%2Fwp%2Fv2%2Fmedia&parent=442"}],"wp:term":[{"taxonomy":"category","embeddable":true,"href":"http:\/\/www.ampaisaacalbenizcuenca.es\/index.php?rest_route=%2Fwp%2Fv2%2Fcategories&post=442"},{"taxonomy":"post_tag","embeddable":true,"href":"http:\/\/www.ampaisaacalbenizcuenca.es\/index.php?rest_route=%2Fwp%2Fv2%2Ftags&post=442"}],"curies":[{"name":"wp","href":"https:\/\/api.w.org\/{rel}","templated":true}]}}